{"id":1414,"date":"2025-07-23T09:30:04","date_gmt":"2025-07-23T09:30:04","guid":{"rendered":"http:\/\/heritage.gov.mk\/?p=1414"},"modified":"2026-03-24T12:23:24","modified_gmt":"2026-03-24T12:23:24","slug":"%d0%bf%d1%80%d0%be%d0%bc%d0%b5%d0%bd%d0%b0-%d0%bd%d0%b0-%d0%b4%d0%b8%d1%80%d0%b5%d0%ba%d1%82%d0%be%d1%80%d1%81%d0%ba%d0%b0%d1%82%d0%b0-%d0%bf%d0%be%d0%b7%d0%b8%d1%86%d0%b8%d1%98%d0%b0-%d0%b2%d0%be","status":"publish","type":"post","link":"https:\/\/heritage.gov.mk\/al\/2025\/07\/23\/%d0%bf%d1%80%d0%be%d0%bc%d0%b5%d0%bd%d0%b0-%d0%bd%d0%b0-%d0%b4%d0%b8%d1%80%d0%b5%d0%ba%d1%82%d0%be%d1%80%d1%81%d0%ba%d0%b0%d1%82%d0%b0-%d0%bf%d0%be%d0%b7%d0%b8%d1%86%d0%b8%d1%98%d0%b0-%d0%b2%d0%be\/","title":{"rendered":"Ndryshim n\u00eb pozit\u00ebn e drejtorit n\u00eb Qendr\u00ebn Komb\u00ebtare t\u00eb Konservimit"},"content":{"rendered":"<p>M\u00eb 22.07.2025, n\u00eb Qendr\u00ebn Komb\u00ebtare t\u00eb Konservimit \u2013 Shkup u realizua dor\u00ebzim-pranimi i detyr\u00ebs s\u00eb drejtorit nga mr. Cvetanka Haxhi Pecova, ushtruese aktuale e detyr\u00ebs s\u00eb drejtoresh\u00ebs s\u00eb institucionit, e cila n\u00eb k\u00ebt\u00eb pozit\u00eb erdhi si udh\u00ebheq\u00ebse shum\u00ebvje\u00e7are e Sektorit p\u00ebr hulumtim dhe projektim konservues t\u00eb trash\u00ebgimis\u00eb kulturore t\u00eb paluajtshme. Haxhi Pecova \u00ebsht\u00eb nj\u00eb arkitekte e njohur maqedonase \u2013k\u00ebshilltare p\u00ebr konservim, e cila gjith\u00eb karrier\u00ebn e saj profesionale e ka kaluar n\u00eb k\u00ebt\u00eb institucion am\u00eb p\u00ebr mbrojtjen e trash\u00ebgimis\u00eb kulturore t\u00eb paluajtshme. Karriera e saj sh\u00ebnohet nga rind\u00ebrtimi i plot\u00eb i kish\u00ebs s\u00eb rr\u00ebnuar \u201cSh\u00ebn Athanasi\u201d n\u00eb vitin 2001, n\u00eb kuad\u00ebr t\u00eb Manastirit t\u00eb Leshk\u00ebs. Ky projekt u realizua me ndihm\u00ebn e Agjencis\u00eb Evropiane p\u00ebr Rind\u00ebrtim n\u00eb periudh\u00ebn 2003\u20132006. N\u00eb portofolin e saj p\u00ebrfshihen edhe projekte q\u00eb ajo ka udh\u00ebhequr, nd\u00ebr t\u00eb cilat: konservimi dhe revitalizimi i kompleksit kulturor-turistik \u201cSh\u00ebn Gjergji\u201d \u2013Nagori\u00e7an i Vjet\u00ebr, \u201cSh\u00ebn Nikolla\u201d n\u00eb Psa\u00e7\u00eb, \u201cSh\u00ebn M\u00ebria\u201d n\u00eb Drenov\u00eb dhe shum\u00eb t\u00eb tjera. Ajo ka dh\u00ebn\u00eb gjithashtu kontribut t\u00eb r\u00ebnd\u00ebsish\u00ebm n\u00eb hartimin e dokumenteve strategjike, si Strategjia Komb\u00ebtare p\u00ebr Trash\u00ebgimin\u00eb Kulturore, Ligji p\u00ebr Mbrojtjen e Trash\u00ebgimis\u00eb Kulturore, Plani Hap\u00ebsinor i RMV-s\u00eb etj. P\u00ebr nj\u00eb mandat ka qen\u00eb edhe pjes\u00eb e K\u00ebshillit Komb\u00ebtar p\u00ebr Trash\u00ebgimin\u00eb Kulturore.<\/p>\n<p>Pozit\u00ebn e drejtorit e merr mr. Aleksandar Jordanoski, i cili vjen nga pozita e ndihm\u00ebsdrejtuesit t\u00eb Sektorit p\u00ebr mbrojtjen e trash\u00ebgimis\u00eb kulturore n\u00eb Ministrin\u00eb e Kultur\u00ebs dhe Turizmit. Jordanoski karrier\u00ebn e tij e fillon pik\u00ebrisht n\u00eb k\u00ebt\u00eb institucion n\u00eb vitin 2002, kur ai mbante emrin Enti Republikan p\u00ebr Mbrojtjen e Monumenteve t\u00eb Kultur\u00ebs, nd\u00ebrsa n\u00eb vitin 2005 kalon n\u00eb Drejtorin\u00eb e sapoformuar p\u00ebr Mbrojtjen e Trash\u00ebgimis\u00eb Kulturore, ku q\u00ebndron deri n\u00eb vitin 2012. M\u00eb pas transferohet n\u00eb Ministrin\u00eb e at\u00ebhershme t\u00eb Kultur\u00ebs si udh\u00ebheq\u00ebs i Departamentit p\u00ebr veprimtari muzeore dhe mbrojtjen e trash\u00ebgimis\u00eb kulturore jomateriale. Ai \u00ebsht\u00eb autor i tre librave, i shum\u00eb punimeve n\u00eb periodik\u00eb profesional\u00eb vendas, por edhe n\u00eb Serbi dhe Bosnje e Hercegovin\u00eb, si dhe paraqitet si kolumnist n\u00eb shtypin ditor \u2013 t\u00eb gjitha k\u00ebto n\u00eb fush\u00ebn e mbrojtjes dhe p\u00ebrdorimit t\u00eb trash\u00ebgimis\u00eb kulturore. Brenda Ministris\u00eb s\u00eb Kultur\u00ebs dhe Turizmit ka qen\u00eb i p\u00ebrfshir\u00eb n\u00eb pothuajse t\u00eb gjitha trupat dhe grupet punuese q\u00eb lidhen me k\u00ebt\u00eb fush\u00eb, si dhe n\u00eb hartimin e Strategjis\u00eb Komb\u00ebtare p\u00ebr Trash\u00ebgimin\u00eb Kulturore, Ligjit p\u00ebr Mbrojtjen e Trash\u00ebgimis\u00eb Kulturore, Ligjit p\u00ebr Muzet\u00eb, akteve n\u00ebnligjore dhe dokumenteve t\u00eb tjera analitike. P\u00ebr kontributin e tij shoq\u00ebror n\u00eb fush\u00ebn e trash\u00ebgimis\u00eb kulturore, n\u00eb vitin 2025 \u00ebsht\u00eb zgjedhur docent nderi n\u00eb Universitetin Nd\u00ebrkomb\u00ebtar Europa Prima. Besimin p\u00ebr mandatin e tij e merr nga Zoran Ljutkov, minist\u00ebr i Kultur\u00ebs dhe Turizmit.<\/p>\n<p>Qendra Komb\u00ebtare e Konservimit \u2013 Shkup<\/p>\nngg_shortcode_0_placeholder\n","protected":false},"excerpt":{"rendered":"<p>M\u00eb 22.07.2025, n\u00eb Qendr\u00ebn Komb\u00ebtare t\u00eb Konservimit \u2013 Shkup u realizua dor\u00ebzim-pranimi i detyr\u00ebs s\u00eb drejtorit nga mr. Cvetanka Haxhi Pecova, ushtruese aktuale e detyr\u00ebs s\u00eb drejtoresh\u00ebs s\u00eb institucionit, e cila n\u00eb k\u00ebt\u00eb pozit\u00eb <a class=\"read-more-link\" href=\"https:\/\/heritage.gov.mk\/al\/2025\/07\/23\/%d0%bf%d1%80%d0%be%d0%bc%d0%b5%d0%bd%d0%b0-%d0%bd%d0%b0-%d0%b4%d0%b8%d1%80%d0%b5%d0%ba%d1%82%d0%be%d1%80%d1%81%d0%ba%d0%b0%d1%82%d0%b0-%d0%bf%d0%be%d0%b7%d0%b8%d1%86%d0%b8%d1%98%d0%b0-%d0%b2%d0%be\/\">Read More<\/a><\/p>\n","protected":false},"author":3,"featured_media":1422,"comment_status":"closed","ping_status":"closed","sticky":false,"template":"","format":"standard","meta":{"ngg_post_thumbnail":0,"footnotes":""},"categories":[36,38],"tags":[],"class_list":["post-1414","post","type-post","status-publish","format-standard","has-post-thumbnail","hentry","category-organization","category-kulturno-nasledstvo"],"translation":{"provider":"WPGlobus","version":"3.0.0","language":"al","enabled_languages":["mk","en","al"],"languages":{"mk":{"title":true,"content":true,"excerpt":false},"en":{"title":false,"content":false,"excerpt":false},"al":{"title":true,"content":true,"excerpt":false}}},"aioseo_notices":[],"_links":{"self":[{"href":"https:\/\/heritage.gov.mk\/al\/wp-json\/wp\/v2\/posts\/1414"}],"collection":[{"href":"https:\/\/heritage.gov.mk\/al\/wp-json\/wp\/v2\/posts"}],"about":[{"href":"https:\/\/heritage.gov.mk\/al\/wp-json\/wp\/v2\/types\/post"}],"author":[{"embeddable":true,"href":"https:\/\/heritage.gov.mk\/al\/wp-json\/wp\/v2\/users\/3"}],"replies":[{"embeddable":true,"href":"https:\/\/heritage.gov.mk\/al\/wp-json\/wp\/v2\/comments?post=1414"}],"version-history":[{"count":3,"href":"https:\/\/heritage.gov.mk\/al\/wp-json\/wp\/v2\/posts\/1414\/revisions"}],"predecessor-version":[{"id":2476,"href":"https:\/\/heritage.gov.mk\/al\/wp-json\/wp\/v2\/posts\/1414\/revisions\/2476"}],"wp:featuredmedia":[{"embeddable":true,"href":"https:\/\/heritage.gov.mk\/al\/wp-json\/wp\/v2\/media\/1422"}],"wp:attachment":[{"href":"https:\/\/heritage.gov.mk\/al\/wp-json\/wp\/v2\/media?parent=1414"}],"wp:term":[{"taxonomy":"category","embeddable":true,"href":"https:\/\/heritage.gov.mk\/al\/wp-json\/wp\/v2\/categories?post=1414"},{"taxonomy":"post_tag","embeddable":true,"href":"https:\/\/heritage.gov.mk\/al\/wp-json\/wp\/v2\/tags?post=1414"}],"curies":[{"name":"wp","href":"https:\/\/api.w.org\/{rel}","templated":true}]}}